{"id":1981,"date":"2021-05-31T13:56:17","date_gmt":"2021-05-31T13:56:17","guid":{"rendered":"https:\/\/wecare.violeta.com\/cas-je-da-koncno-zacnemo-govoriti-o-tej-tabu-temi-pre-poo\/"},"modified":"2022-07-12T09:11:38","modified_gmt":"2022-07-12T09:11:38","slug":"cas-je-da-koncno-zacnemo-govoriti-o-tej-tabu-temi-pre-poo","status":"publish","type":"post","link":"https:\/\/wecare.violeta.com\/sl\/cas-je-da-koncno-zacnemo-govoriti-o-tej-tabu-temi-pre-poo\/","title":{"rendered":"\u010cAS JE, DA KON\u010cNO ZA\u010cNEMO GOVORITI O TEJ TABU TEMI &#8211; Pre Poo"},"content":{"rendered":"<p>Bodimo iskreni \u2013 naravne stvari v\u010dasih niso prijetne a mislimo, da je kon\u010dno napo\u010dil \u010das za pogovor o tej tabu temi. Predstavljamo vam PRE POO!<\/p>\n","protected":false},"excerpt":{"rendered":"<p>Bodimo iskreni \u2013 naravne stvari v\u010dasih niso prijetne a mislimo, da je kon\u010dno napo\u010dil \u010das za pogovor o tej tabu temi. Predstavljamo vam PRE POO!<\/p>\n","protected":false},"author":2,"featured_media":2923,"comment_status":"open","ping_status":"open","sticky":false,"template":"","format":"standard","meta":{"footnotes":""},"categories":[14],"tags":[],"acf":[],"yoast_head":"<!-- This site is optimized with the Yoast SEO plugin v21.0 - https:\/\/yoast.com\/wordpress\/plugins\/seo\/ -->\n<title>\u010cAS JE, DA KON\u010cNO ZA\u010cNEMO GOVORITI O TEJ TABU TEMI - Pre Poo - Violeta We Care<\/title>\n<meta name=\"robots\" content=\"index, follow, max-snippet:-1, max-image-preview:large, max-video-preview:-1\" \/>\n<link rel=\"canonical\" href=\"https:\/\/wecare.violeta.com\/sl\/cas-je-da-koncno-zacnemo-govoriti-o-tej-tabu-temi-pre-poo\/\" \/>\n<meta property=\"og:locale\" content=\"sl_SI\" \/>\n<meta property=\"og:type\" content=\"article\" \/>\n<meta property=\"og:title\" content=\"\u010cAS JE, DA KON\u010cNO ZA\u010cNEMO GOVORITI O TEJ TABU TEMI - Pre Poo - Violeta We Care\" \/>\n<meta property=\"og:description\" content=\"Bodimo iskreni \u2013 naravne stvari v\u010dasih niso prijetne a mislimo, da je kon\u010dno napo\u010dil \u010das za pogovor o tej tabu temi. Predstavljamo vam PRE POO!\" \/>\n<meta property=\"og:url\" content=\"https:\/\/wecare.violeta.com\/sl\/cas-je-da-koncno-zacnemo-govoriti-o-tej-tabu-temi-pre-poo\/\" \/>\n<meta property=\"og:site_name\" content=\"Violeta We Care\" \/>\n<meta property=\"article:published_time\" content=\"2021-05-31T13:56:17+00:00\" \/>\n<meta property=\"article:modified_time\" content=\"2022-07-12T09:11:38+00:00\" \/>\n<meta property=\"og:image\" content=\"https:\/\/wecare.violeta.com\/wp-content\/uploads\/2021\/05\/pre-poo-istaknuta.webp\" \/>\n\t<meta property=\"og:image:width\" content=\"730\" \/>\n\t<meta property=\"og:image:height\" content=\"784\" \/>\n\t<meta property=\"og:image:type\" content=\"image\/webp\" \/>\n<meta name=\"author\" content=\"dijana\" \/>\n<meta name=\"twitter:card\" content=\"summary_large_image\" \/>\n<meta name=\"twitter:label1\" content=\"Written by\" \/>\n\t<meta name=\"twitter:data1\" content=\"dijana\" \/>\n<script type=\"application\/ld+json\" class=\"yoast-schema-graph\">{\"@context\":\"https:\/\/schema.org\",\"@graph\":[{\"@type\":\"WebPage\",\"@id\":\"https:\/\/wecare.violeta.com\/sl\/cas-je-da-koncno-zacnemo-govoriti-o-tej-tabu-temi-pre-poo\/\",\"url\":\"https:\/\/wecare.violeta.com\/sl\/cas-je-da-koncno-zacnemo-govoriti-o-tej-tabu-temi-pre-poo\/\",\"name\":\"\u010cAS JE, DA KON\u010cNO ZA\u010cNEMO GOVORITI O TEJ TABU TEMI - Pre Poo - Violeta We Care\",\"isPartOf\":{\"@id\":\"https:\/\/wecare.violeta.com\/#website\"},\"datePublished\":\"2021-05-31T13:56:17+00:00\",\"dateModified\":\"2022-07-12T09:11:38+00:00\",\"author\":{\"@id\":\"https:\/\/wecare.violeta.com\/#\/schema\/person\/f80cc8d2ee6900fb0f40dce36f37202c\"},\"breadcrumb\":{\"@id\":\"https:\/\/wecare.violeta.com\/sl\/cas-je-da-koncno-zacnemo-govoriti-o-tej-tabu-temi-pre-poo\/#breadcrumb\"},\"inLanguage\":\"sl-SI\",\"potentialAction\":[{\"@type\":\"ReadAction\",\"target\":[\"https:\/\/wecare.violeta.com\/sl\/cas-je-da-koncno-zacnemo-govoriti-o-tej-tabu-temi-pre-poo\/\"]}]},{\"@type\":\"BreadcrumbList\",\"@id\":\"https:\/\/wecare.violeta.com\/sl\/cas-je-da-koncno-zacnemo-govoriti-o-tej-tabu-temi-pre-poo\/#breadcrumb\",\"itemListElement\":[{\"@type\":\"ListItem\",\"position\":1,\"name\":\"Po\u010detna stranica\",\"item\":\"https:\/\/wecare.violeta.com\/sl\/\"},{\"@type\":\"ListItem\",\"position\":2,\"name\":\"\u010cAS JE, DA KON\u010cNO ZA\u010cNEMO GOVORITI O TEJ TABU TEMI &#8211; Pre Poo\"}]},{\"@type\":\"WebSite\",\"@id\":\"https:\/\/wecare.violeta.com\/#website\",\"url\":\"https:\/\/wecare.violeta.com\/\",\"name\":\"Violeta We Care\",\"description\":\"Just another WordPress site\",\"potentialAction\":[{\"@type\":\"SearchAction\",\"target\":{\"@type\":\"EntryPoint\",\"urlTemplate\":\"https:\/\/wecare.violeta.com\/?s={search_term_string}\"},\"query-input\":\"required name=search_term_string\"}],\"inLanguage\":\"sl-SI\"},{\"@type\":\"Person\",\"@id\":\"https:\/\/wecare.violeta.com\/#\/schema\/person\/f80cc8d2ee6900fb0f40dce36f37202c\",\"name\":\"dijana\",\"image\":{\"@type\":\"ImageObject\",\"inLanguage\":\"sl-SI\",\"@id\":\"https:\/\/wecare.violeta.com\/#\/schema\/person\/image\/\",\"url\":\"https:\/\/secure.gravatar.com\/avatar\/14f632e49d382da2c6fbf540a3e1f6b1?s=96&d=mm&r=g\",\"contentUrl\":\"https:\/\/secure.gravatar.com\/avatar\/14f632e49d382da2c6fbf540a3e1f6b1?s=96&d=mm&r=g\",\"caption\":\"dijana\"},\"url\":\"https:\/\/wecare.violeta.com\/sl\/author\/dijana\/\"}]}<\/script>\n<!-- \/ Yoast SEO plugin. -->","yoast_head_json":{"title":"\u010cAS JE, DA KON\u010cNO ZA\u010cNEMO GOVORITI O TEJ TABU TEMI - Pre Poo - Violeta We Care","robots":{"index":"index","follow":"follow","max-snippet":"max-snippet:-1","max-image-preview":"max-image-preview:large","max-video-preview":"max-video-preview:-1"},"canonical":"https:\/\/wecare.violeta.com\/sl\/cas-je-da-koncno-zacnemo-govoriti-o-tej-tabu-temi-pre-poo\/","og_locale":"sl_SI","og_type":"article","og_title":"\u010cAS JE, DA KON\u010cNO ZA\u010cNEMO GOVORITI O TEJ TABU TEMI - Pre Poo - Violeta We Care","og_description":"Bodimo iskreni \u2013 naravne stvari v\u010dasih niso prijetne a mislimo, da je kon\u010dno napo\u010dil \u010das za pogovor o tej tabu temi. Predstavljamo vam PRE POO!","og_url":"https:\/\/wecare.violeta.com\/sl\/cas-je-da-koncno-zacnemo-govoriti-o-tej-tabu-temi-pre-poo\/","og_site_name":"Violeta We Care","article_published_time":"2021-05-31T13:56:17+00:00","article_modified_time":"2022-07-12T09:11:38+00:00","og_image":[{"width":730,"height":784,"url":"https:\/\/wecare.violeta.com\/wp-content\/uploads\/2021\/05\/pre-poo-istaknuta.webp","type":"image\/webp"}],"author":"dijana","twitter_card":"summary_large_image","twitter_misc":{"Written by":"dijana"},"schema":{"@context":"https:\/\/schema.org","@graph":[{"@type":"WebPage","@id":"https:\/\/wecare.violeta.com\/sl\/cas-je-da-koncno-zacnemo-govoriti-o-tej-tabu-temi-pre-poo\/","url":"https:\/\/wecare.violeta.com\/sl\/cas-je-da-koncno-zacnemo-govoriti-o-tej-tabu-temi-pre-poo\/","name":"\u010cAS JE, DA KON\u010cNO ZA\u010cNEMO GOVORITI O TEJ TABU TEMI - Pre Poo - Violeta We Care","isPartOf":{"@id":"https:\/\/wecare.violeta.com\/#website"},"datePublished":"2021-05-31T13:56:17+00:00","dateModified":"2022-07-12T09:11:38+00:00","author":{"@id":"https:\/\/wecare.violeta.com\/#\/schema\/person\/f80cc8d2ee6900fb0f40dce36f37202c"},"breadcrumb":{"@id":"https:\/\/wecare.violeta.com\/sl\/cas-je-da-koncno-zacnemo-govoriti-o-tej-tabu-temi-pre-poo\/#breadcrumb"},"inLanguage":"sl-SI","potentialAction":[{"@type":"ReadAction","target":["https:\/\/wecare.violeta.com\/sl\/cas-je-da-koncno-zacnemo-govoriti-o-tej-tabu-temi-pre-poo\/"]}]},{"@type":"BreadcrumbList","@id":"https:\/\/wecare.violeta.com\/sl\/cas-je-da-koncno-zacnemo-govoriti-o-tej-tabu-temi-pre-poo\/#breadcrumb","itemListElement":[{"@type":"ListItem","position":1,"name":"Po\u010detna stranica","item":"https:\/\/wecare.violeta.com\/sl\/"},{"@type":"ListItem","position":2,"name":"\u010cAS JE, DA KON\u010cNO ZA\u010cNEMO GOVORITI O TEJ TABU TEMI &#8211; Pre Poo"}]},{"@type":"WebSite","@id":"https:\/\/wecare.violeta.com\/#website","url":"https:\/\/wecare.violeta.com\/","name":"Violeta We Care","description":"Just another WordPress site","potentialAction":[{"@type":"SearchAction","target":{"@type":"EntryPoint","urlTemplate":"https:\/\/wecare.violeta.com\/?s={search_term_string}"},"query-input":"required name=search_term_string"}],"inLanguage":"sl-SI"},{"@type":"Person","@id":"https:\/\/wecare.violeta.com\/#\/schema\/person\/f80cc8d2ee6900fb0f40dce36f37202c","name":"dijana","image":{"@type":"ImageObject","inLanguage":"sl-SI","@id":"https:\/\/wecare.violeta.com\/#\/schema\/person\/image\/","url":"https:\/\/secure.gravatar.com\/avatar\/14f632e49d382da2c6fbf540a3e1f6b1?s=96&d=mm&r=g","contentUrl":"https:\/\/secure.gravatar.com\/avatar\/14f632e49d382da2c6fbf540a3e1f6b1?s=96&d=mm&r=g","caption":"dijana"},"url":"https:\/\/wecare.violeta.com\/sl\/author\/dijana\/"}]}},"_links":{"self":[{"href":"https:\/\/wecare.violeta.com\/sl\/wp-json\/wp\/v2\/posts\/1981"}],"collection":[{"href":"https:\/\/wecare.violeta.com\/sl\/wp-json\/wp\/v2\/posts"}],"about":[{"href":"https:\/\/wecare.violeta.com\/sl\/wp-json\/wp\/v2\/types\/post"}],"author":[{"embeddable":true,"href":"https:\/\/wecare.violeta.com\/sl\/wp-json\/wp\/v2\/users\/2"}],"replies":[{"embeddable":true,"href":"https:\/\/wecare.violeta.com\/sl\/wp-json\/wp\/v2\/comments?post=1981"}],"version-history":[{"count":4,"href":"https:\/\/wecare.violeta.com\/sl\/wp-json\/wp\/v2\/posts\/1981\/revisions"}],"predecessor-version":[{"id":2950,"href":"https:\/\/wecare.violeta.com\/sl\/wp-json\/wp\/v2\/posts\/1981\/revisions\/2950"}],"wp:featuredmedia":[{"embeddable":true,"href":"https:\/\/wecare.violeta.com\/sl\/wp-json\/wp\/v2\/media\/2923"}],"wp:attachment":[{"href":"https:\/\/wecare.violeta.com\/sl\/wp-json\/wp\/v2\/media?parent=1981"}],"wp:term":[{"taxonomy":"category","embeddable":true,"href":"https:\/\/wecare.violeta.com\/sl\/wp-json\/wp\/v2\/categories?post=1981"},{"taxonomy":"post_tag","embeddable":true,"href":"https:\/\/wecare.violeta.com\/sl\/wp-json\/wp\/v2\/tags?post=1981"}],"curies":[{"name":"wp","href":"https:\/\/api.w.org\/{rel}","templated":true}]}}